{"id":2429,"date":"2026-08-31T17:11:34","date_gmt":"2026-08-31T15:11:34","guid":{"rendered":"https:\/\/fos31.fr\/?p=2429"},"modified":"2026-08-31T17:11:35","modified_gmt":"2026-08-31T15:11:35","slug":"releve-des-compteurs-deau-4","status":"publish","type":"post","link":"https:\/\/fos31.fr\/index.php\/2026\/08\/31\/releve-des-compteurs-deau-4\/","title":{"rendered":"Rel\u00e8ve des compteurs d&rsquo;eau"},"content":{"rendered":"\n<p>Je vous informe que la rel\u00e8ve des compteurs d&rsquo;eau est pr\u00e9vue<strong>**<\/strong>&nbsp;sur la commune de Fos,&nbsp; entre le <strong>22 septembre et le 5 octobre&nbsp; 2026.<\/strong><\/p>\n\n\n\n<p><strong>**<\/strong>les dates sont donn\u00e9es \u00e0 titre pr\u00e9visionnel et peuvent varier en cas d\u2019impr\u00e9vus (en avance ou en retard).<\/p>\n\n\n\n<p>&nbsp;&nbsp;&nbsp;&nbsp;&nbsp;&nbsp;&nbsp;&nbsp;&nbsp;&nbsp;&nbsp;&nbsp;&nbsp;&nbsp;&nbsp;&nbsp;&nbsp;&nbsp;&nbsp;&nbsp;&nbsp;Merci pour votre compr\u00e9hension.<\/p>\n\n\n\n<p><strong><em><u>LES COMPTEURS EN PROPRIETE PRIVEE&nbsp;NE SERONT RELEVES QUE SI L\u2019AGENT RELEVEUR EST ACCOMPAGNE (PROPRIETAIRE, LOCATAIRE, AMIS, VOISIN \u2026.).<\/u>&nbsp;&nbsp;<\/em><\/strong><\/p>\n\n\n\n<p><strong><em>&nbsp;&nbsp;&nbsp;&nbsp;&nbsp;&nbsp;&nbsp;&nbsp;&nbsp;&nbsp;&nbsp;&nbsp;&nbsp; &nbsp;LES ABONNES ABSENTS LE JOUR DE LA RELEVE AURONT DONC PLUSIEURS POSSIBILITES<\/em><\/strong>&nbsp;:<\/p>\n\n\n\n<p>&#8211;&nbsp;&nbsp;&nbsp;&nbsp;&nbsp;&nbsp;&nbsp; &nbsp;DE TELEPHONER A DORIAN (l\u2019agent releveur) AU 06-75-56-47-41 AFIN DE CONVENIR D\u2019UN RDV<\/p>\n\n\n\n<p>&#8211;&nbsp;&nbsp;&nbsp;&nbsp;&nbsp;&nbsp;&nbsp; &nbsp;D\u2019AFFICHER LA PHOTO DU COMPTEUR sur leur porte ou portail dans une pochette \u00e9tanche ou l\u2019envoyer par mail \u00e0 l\u2019adresse&nbsp;: <a href=\"mailto:stgaudens@reseau31.fr\">stgaudens@reseau31.fr<\/a><\/p>\n\n\n\n<p>&#8211;&nbsp;&nbsp;&nbsp;&nbsp;&nbsp;&nbsp;&nbsp; &nbsp;RENVOYER L\u2019AVIS DE PASSAGE DANS LES 8 JOURS<\/p>\n","protected":false},"excerpt":{"rendered":"<p>Je vous informe que la rel\u00e8ve des compteurs d&rsquo;eau est pr\u00e9vue**&nbsp;sur la commune de Fos,&nbsp; entre le 22 septembre et<\/p>\n","protected":false},"author":2,"featured_media":0,"comment_status":"closed","ping_status":"open","sticky":false,"template":"","format":"standard","meta":[],"categories":[1],"tags":[],"_links":{"self":[{"href":"https:\/\/fos31.fr\/index.php\/wp-json\/wp\/v2\/posts\/2429"}],"collection":[{"href":"https:\/\/fos31.fr\/index.php\/wp-json\/wp\/v2\/posts"}],"about":[{"href":"https:\/\/fos31.fr\/index.php\/wp-json\/wp\/v2\/types\/post"}],"author":[{"embeddable":true,"href":"https:\/\/fos31.fr\/index.php\/wp-json\/wp\/v2\/users\/2"}],"replies":[{"embeddable":true,"href":"https:\/\/fos31.fr\/index.php\/wp-json\/wp\/v2\/comments?post=2429"}],"version-history":[{"count":1,"href":"https:\/\/fos31.fr\/index.php\/wp-json\/wp\/v2\/posts\/2429\/revisions"}],"predecessor-version":[{"id":2430,"href":"https:\/\/fos31.fr\/index.php\/wp-json\/wp\/v2\/posts\/2429\/revisions\/2430"}],"wp:attachment":[{"href":"https:\/\/fos31.fr\/index.php\/wp-json\/wp\/v2\/media?parent=2429"}],"wp:term":[{"taxonomy":"category","embeddable":true,"href":"https:\/\/fos31.fr\/index.php\/wp-json\/wp\/v2\/categories?post=2429"},{"taxonomy":"post_tag","embeddable":true,"href":"https:\/\/fos31.fr\/index.php\/wp-json\/wp\/v2\/tags?post=2429"}],"curies":[{"name":"wp","href":"https:\/\/api.w.org\/{rel}","templated":true}]}}